{"id":536,"date":"2015-02-28T18:18:40","date_gmt":"2015-02-28T16:18:40","guid":{"rendered":"http:\/\/tierheilpraxis-perick.de\/?p=536"},"modified":"2019-02-20T17:08:56","modified_gmt":"2019-02-20T15:08:56","slug":"fellwechsel-fruehjahr","status":"publish","type":"post","link":"https:\/\/tierheilpraxis-perick.de\/?p=536","title":{"rendered":"Fellwechsel &#8211; Fr\u00fchjahr"},"content":{"rendered":"<p>Zweimal im Jahr wechseln die Tiere das Fell \u2013 im Fr\u00fchjahr und im Herbst. Der Fellwechsel richtet sich nach der Tageslichtl\u00e4nge. Im Fr\u00fchjahr, wenn die Tage wieder l\u00e4nger werden, f\u00e4llt das Winterfell aus und macht dem Sommerkleid Platz. Ende August, wenn die Tage wieder k\u00fcrzer werden macht das Sommerfell dem Winterfell Platz. Temperaturen sind beim Fellwechsel eher Nebensache, es sei denn die Temperaturen\u00a0sinken oder steigen nicht wirklich, dann kann der Wechsel sich verschieben.<a href=\"https:\/\/tierheilpraxis-perick.de\/wp-content\/uploads\/2015\/02\/Fellwechsel.jpg\"><img class=\"alignright wp-image-537 size-medium\" src=\"https:\/\/tierheilpraxis-perick.de\/wp-content\/uploads\/2015\/02\/Fellwechsel-300x169.jpg\" alt=\"Fellwechsel\" width=\"300\" height=\"169\" srcset=\"https:\/\/tierheilpraxis-perick.de\/wp-content\/uploads\/2015\/02\/Fellwechsel-300x169.jpg 300w, https:\/\/tierheilpraxis-perick.de\/wp-content\/uploads\/2015\/02\/Fellwechsel.jpg 600w\" sizes=\"(max-width: 300px) 100vw, 300px\" \/><\/a><\/p>\n<p>Die Haltungsform der Tiere spielt auch eine Rolle. Pferde zum Beispiel, die im Winter in St\u00e4llen stehen, haben h\u00e4ufig nicht so dickes Winterfell wie Pferde die in Offenstallhaltung gehalten werden und somit den Au\u00dfentemperaturen ausgesetzt sind. Dies gilt genauso f\u00fcr Wohnungs- bzw. Freig\u00e4nger-Katzen.<\/p>\n<p>F\u00fcr das neue Haarkleid ben\u00f6tigt der K\u00f6rper mehr Eiwei\u00df und Energie. Auch der Bedarf an Spurenelementen, Aminos\u00e4uren und essentiellen Fetts\u00e4uren steigt. Wenn diese Stoffe nicht gen\u00fcgend vorhanden sind, kann der Fellwechsel sich verz\u00f6gern und das Immunsystem wird geschw\u00e4cht. Einige Tiere sind im Fellwechsel anf\u00e4lliger f\u00fcr Infektionen. Bei einem gesunden Tier sind diese Versorgungsl\u00fccken unbedenklich. Ein \u00e4lteres, krankes Tier ben\u00f6tigt Unterst\u00fctzung.<\/p>\n<p>Unterst\u00fctzen k\u00f6nnen wir unsere Tiere, in dem wir regelm\u00e4\u00dfig b\u00fcrsten vom Kopf bis zu den Beinen, immer in Wuchsrichtung des Felles. Bei langhaarigen Hunden oder Katzen kann man spezielle B\u00fcrsten\/K\u00e4mme (darauf achten, dass diese nichts zu scharf sind, sonst besteht Verletzungsgefahr) verwenden, um die Unterwolle zu entfernen. Zudem st\u00e4rkt die regelm\u00e4\u00dfige Fellpflege die Beziehung zwischen Ihnen und Ihrem Tier.<\/p>\n<p>Weiterhin kann man zum Beispiel mit Sch\u00fc\u00dfler Salzen wie aber auch mit der Phytotherapie oder der Hom\u00f6opathie sowie der F\u00fctterung dem Organismus Hilfestellung geben.<\/p>\n<p>Jedes Tier wird beim Fellwechsel gern unterst\u00fctzt.\u00a0Gerade bei \u00e4lteren Tieren ist eine unterst\u00fctzende Therapie sinnvoll.<\/p>\n<p>Sprechen Sie mich hierzu gerne an!<\/p>\n","protected":false},"excerpt":{"rendered":"<p>Zweimal im Jahr wechseln die Tiere das Fell \u2013 im Fr\u00fchjahr und im Herbst. Der Fellwechsel richtet sich nach der Tageslichtl\u00e4nge. Im Fr\u00fchjahr, wenn die Tage wieder l\u00e4nger werden, f\u00e4llt das Winterfell aus und macht dem Sommerkleid Platz. Ende August, wenn die Tage wieder k\u00fcrzer werden macht das Sommerfell dem Winterfell Platz. Temperaturen sind beim Fellwechsel eher Nebensache, es sei denn die Temperaturen\u00a0sinken oder steigen nicht wirklich, dann kann der Wechsel sich verschieben. Die Haltungsform der Tiere spielt auch eine Rolle. Pferde zum Beispiel, die im Winter in St\u00e4llen stehen, haben h\u00e4ufig nicht so dickes Winterfell wie Pferde die in Offenstallhaltung gehalten werden und somit den Au\u00dfentemperaturen ausgesetzt sind. Dies gilt genauso f\u00fcr Wohnungs- bzw. Freig\u00e4nger-Katzen. F\u00fcr das neue Haarkleid ben\u00f6tigt der K\u00f6rper mehr Eiwei\u00df und Energie. Auch der Bedarf an Spurenelementen, Aminos\u00e4uren und essentiellen Fetts\u00e4uren steigt. Wenn diese Stoffe nicht gen\u00fcgend vorhanden sind, kann der Fellwechsel sich verz\u00f6gern und das Immunsystem wird geschw\u00e4cht. Einige Tiere sind im Fellwechsel anf\u00e4lliger f\u00fcr Infektionen. Bei einem gesunden Tier sind diese Versorgungsl\u00fccken unbedenklich. Ein \u00e4lteres, krankes Tier ben\u00f6tigt Unterst\u00fctzung. Unterst\u00fctzen k\u00f6nnen wir unsere Tiere, in dem wir regelm\u00e4\u00dfig b\u00fcrsten vom Kopf bis zu den Beinen, immer in Wuchsrichtung des Felles. Bei langhaarigen Hunden oder Katzen kann man spezielle B\u00fcrsten\/K\u00e4mme (darauf achten, dass diese nichts zu scharf sind, sonst besteht Verletzungsgefahr) verwenden, um die Unterwolle zu entfernen. Zudem st\u00e4rkt die regelm\u00e4\u00dfige Fellpflege die Beziehung zwischen Ihnen und Ihrem Tier. Weiterhin kann man zum Beispiel mit Sch\u00fc\u00dfler Salzen wie aber auch mit der Phytotherapie oder der Hom\u00f6opathie sowie der F\u00fctterung dem Organismus Hilfestellung geben. Jedes Tier wird beim Fellwechsel gern unterst\u00fctzt.\u00a0Gerade bei \u00e4lteren Tieren ist eine unterst\u00fctzende Therapie sinnvoll. Sprechen Sie mich hierzu gerne an!<\/p>\n","protected":false},"author":2,"featured_media":538,"comment_status":"open","ping_status":"open","sticky":false,"template":"","format":"standard","meta":[],"categories":[1],"tags":[],"_links":{"self":[{"href":"https:\/\/tierheilpraxis-perick.de\/index.php?rest_route=\/wp\/v2\/posts\/536"}],"collection":[{"href":"https:\/\/tierheilpraxis-perick.de\/index.php?rest_route=\/wp\/v2\/posts"}],"about":[{"href":"https:\/\/tierheilpraxis-perick.de\/index.php?rest_route=\/wp\/v2\/types\/post"}],"author":[{"embeddable":true,"href":"https:\/\/tierheilpraxis-perick.de\/index.php?rest_route=\/wp\/v2\/users\/2"}],"replies":[{"embeddable":true,"href":"https:\/\/tierheilpraxis-perick.de\/index.php?rest_route=%2Fwp%2Fv2%2Fcomments&post=536"}],"version-history":[{"count":1,"href":"https:\/\/tierheilpraxis-perick.de\/index.php?rest_route=\/wp\/v2\/posts\/536\/revisions"}],"predecessor-version":[{"id":539,"href":"https:\/\/tierheilpraxis-perick.de\/index.php?rest_route=\/wp\/v2\/posts\/536\/revisions\/539"}],"wp:featuredmedia":[{"embeddable":true,"href":"https:\/\/tierheilpraxis-perick.de\/index.php?rest_route=\/wp\/v2\/media\/538"}],"wp:attachment":[{"href":"https:\/\/tierheilpraxis-perick.de\/index.php?rest_route=%2Fwp%2Fv2%2Fmedia&parent=536"}],"wp:term":[{"taxonomy":"category","embeddable":true,"href":"https:\/\/tierheilpraxis-perick.de\/index.php?rest_route=%2Fwp%2Fv2%2Fcategories&post=536"},{"taxonomy":"post_tag","embeddable":true,"href":"https:\/\/tierheilpraxis-perick.de\/index.php?rest_route=%2Fwp%2Fv2%2Ftags&post=536"}],"curies":[{"name":"wp","href":"https:\/\/api.w.org\/{rel}","templated":true}]}}