{"id":505,"date":"2014-09-14T13:08:39","date_gmt":"2014-09-14T11:08:39","guid":{"rendered":"http:\/\/tierheilpraxis-perick.de\/?p=505"},"modified":"2019-02-20T17:08:56","modified_gmt":"2019-02-20T15:08:56","slug":"tierschutz-beim-kleintier-kauf","status":"publish","type":"post","link":"https:\/\/tierheilpraxis-perick.de\/?p=505","title":{"rendered":"Tierschutz beim Kleintier-Kauf"},"content":{"rendered":"<p><a href=\"https:\/\/tierheilpraxis-perick.de\/wp-content\/uploads\/2014\/10\/P10207961.jpg\"><img class=\"size-medium wp-image-513 alignright\" alt=\"P1020796\" src=\"https:\/\/tierheilpraxis-perick.de\/wp-content\/uploads\/2014\/10\/P10207961-300x225.jpg\" width=\"300\" height=\"225\" srcset=\"https:\/\/tierheilpraxis-perick.de\/wp-content\/uploads\/2014\/10\/P10207961-300x225.jpg 300w, https:\/\/tierheilpraxis-perick.de\/wp-content\/uploads\/2014\/10\/P10207961.jpg 800w\" sizes=\"(max-width: 300px) 100vw, 300px\" \/><\/a>Seit dem 01.August 2014 hat sich im Tierschutzgesetz wieder ein bisschen was getan.<\/p>\n<p>U.a. m\u00fcssen nun den K\u00e4ufern beim Kauf von Kleintieren (z. B. Kaninchen oder Meerschweinchen)\u00a0schriftliche Informationen \u00a0\u00fcbergeben werden, die \u00fcber die\u00a0&#8222;wesentlichen Bed\u00fcrfnisse&#8220;\u00a0des Tieres informieren.\u00a0<\/p>\n<p>Laut Gesetz sollen diese\u00a0Informationen u.a. \u00fcber die Lebenserwartung, Haltung, Pflege, Einrichtung\/Heim, Futter\/Ern\u00e4hrung usw. enthalten.<\/p>\n<p>Auf den Bildern die diesem Beitrag\u00a0angef\u00fcgt sind,\u00a0 ist einmal das Au\u00dfengehege meiner Kaninchen zu sehen und einmal das Gehege f\u00fcr den Winter, welches sich auch drau\u00dfen an einem wind- u wetterfesten Platz befindet. Das Au\u00dfengehege hat pro Kaninchen ca. 3,5 qm\u00b2, ist teilweise \u00fcberdacht und hat nat\u00fcrlich auch H\u00f6hlen und einen eingestr\u00e4uten \u00fcberdachter Teil wo Heu immer zur Verf\u00fcgung steht.<\/p>\n<p><a href=\"https:\/\/tierheilpraxis-perick.de\/wp-content\/uploads\/2014\/10\/P1020944.jpg\"><img class=\"wp-image-514 alignleft\" style=\"margin: 0px 10px;\" alt=\"P1020944\" src=\"https:\/\/tierheilpraxis-perick.de\/wp-content\/uploads\/2014\/10\/P1020944-300x225.jpg\" width=\"270\" height=\"203\" srcset=\"https:\/\/tierheilpraxis-perick.de\/wp-content\/uploads\/2014\/10\/P1020944-300x225.jpg 300w, https:\/\/tierheilpraxis-perick.de\/wp-content\/uploads\/2014\/10\/P1020944.jpg 800w\" sizes=\"(max-width: 270px) 100vw, 270px\" \/><\/a>Das Winderquartier geht \u00fcber 3 Etagen und hat auch\u00a0insgesamt ca. 3 qm pro Seite, so dass auch im Winter f\u00fcr Bewegung gesorgt ist. Es hat oben einen abtrennten Teil der nur eine kleine \u00d6ffnung hat und komplett mit Stroh und Heu bef\u00fcllt ist. Auch\u00a0der mittlere Teil \u00a0ist\u00a0mit einem Unterschlupf versehen welcher\u00a0mit Heu und Stroh bef\u00fcllt ist. Der untere Teil ist mit R\u00f6hren versehen und mit viel Sand zum buddeln.<\/p>\n<p><a href=\"https:\/\/tierheilpraxis-perick.de\/wp-content\/uploads\/2014\/10\/P1020944.jpg\">\u00a0<\/a><\/p>\n","protected":false},"excerpt":{"rendered":"<p>Seit dem 01.August 2014 hat sich im Tierschutzgesetz wieder ein bisschen was getan. U.a. m\u00fcssen nun den K\u00e4ufern beim Kauf von Kleintieren (z. B. Kaninchen oder Meerschweinchen)\u00a0schriftliche Informationen \u00a0\u00fcbergeben werden, die \u00fcber die\u00a0&#8222;wesentlichen Bed\u00fcrfnisse&#8220;\u00a0des Tieres informieren.\u00a0 Laut Gesetz sollen diese\u00a0Informationen u.a. \u00fcber die Lebenserwartung, Haltung, Pflege, Einrichtung\/Heim, Futter\/Ern\u00e4hrung usw. enthalten. Auf den Bildern die diesem Beitrag\u00a0angef\u00fcgt sind,\u00a0 ist einmal das Au\u00dfengehege meiner Kaninchen zu sehen und einmal das Gehege f\u00fcr den Winter, welches sich auch drau\u00dfen an einem wind- u wetterfesten Platz befindet. Das Au\u00dfengehege hat pro Kaninchen ca. 3,5 qm\u00b2, ist teilweise \u00fcberdacht und hat nat\u00fcrlich auch H\u00f6hlen und einen eingestr\u00e4uten \u00fcberdachter Teil wo Heu immer zur Verf\u00fcgung steht. Das Winderquartier geht \u00fcber 3 Etagen und hat auch\u00a0insgesamt ca. 3 qm pro Seite, so dass auch im Winter f\u00fcr Bewegung gesorgt ist. Es hat oben einen abtrennten Teil der nur eine kleine \u00d6ffnung hat und komplett mit Stroh und Heu bef\u00fcllt ist. Auch\u00a0der mittlere Teil \u00a0ist\u00a0mit einem Unterschlupf versehen welcher\u00a0mit Heu und Stroh bef\u00fcllt ist. Der untere Teil ist mit R\u00f6hren versehen und mit viel Sand zum buddeln. \u00a0<\/p>\n","protected":false},"author":2,"featured_media":327,"comment_status":"open","ping_status":"open","sticky":false,"template":"","format":"standard","meta":[],"categories":[1],"tags":[],"_links":{"self":[{"href":"https:\/\/tierheilpraxis-perick.de\/index.php?rest_route=\/wp\/v2\/posts\/505"}],"collection":[{"href":"https:\/\/tierheilpraxis-perick.de\/index.php?rest_route=\/wp\/v2\/posts"}],"about":[{"href":"https:\/\/tierheilpraxis-perick.de\/index.php?rest_route=\/wp\/v2\/types\/post"}],"author":[{"embeddable":true,"href":"https:\/\/tierheilpraxis-perick.de\/index.php?rest_route=\/wp\/v2\/users\/2"}],"replies":[{"embeddable":true,"href":"https:\/\/tierheilpraxis-perick.de\/index.php?rest_route=%2Fwp%2Fv2%2Fcomments&post=505"}],"version-history":[{"count":7,"href":"https:\/\/tierheilpraxis-perick.de\/index.php?rest_route=\/wp\/v2\/posts\/505\/revisions"}],"predecessor-version":[{"id":518,"href":"https:\/\/tierheilpraxis-perick.de\/index.php?rest_route=\/wp\/v2\/posts\/505\/revisions\/518"}],"wp:featuredmedia":[{"embeddable":true,"href":"https:\/\/tierheilpraxis-perick.de\/index.php?rest_route=\/wp\/v2\/media\/327"}],"wp:attachment":[{"href":"https:\/\/tierheilpraxis-perick.de\/index.php?rest_route=%2Fwp%2Fv2%2Fmedia&parent=505"}],"wp:term":[{"taxonomy":"category","embeddable":true,"href":"https:\/\/tierheilpraxis-perick.de\/index.php?rest_route=%2Fwp%2Fv2%2Fcategories&post=505"},{"taxonomy":"post_tag","embeddable":true,"href":"https:\/\/tierheilpraxis-perick.de\/index.php?rest_route=%2Fwp%2Fv2%2Ftags&post=505"}],"curies":[{"name":"wp","href":"https:\/\/api.w.org\/{rel}","templated":true}]}}